{"id":145,"date":"2024-11-28T11:42:03","date_gmt":"2024-11-28T10:42:03","guid":{"rendered":"https:\/\/mediamiam.fr\/?p=145"},"modified":"2025-04-09T14:41:51","modified_gmt":"2025-04-09T12:41:51","slug":"rencontre-avec-le-fondateur-de-la-conserverie-marc-sandevoir","status":"publish","type":"post","link":"https:\/\/mediamiam.fr\/index.php\/2024\/11\/28\/rencontre-avec-le-fondateur-de-la-conserverie-marc-sandevoir\/","title":{"rendered":"Rencontre avec le fondateur de la conserverie Marc Sandevoir \u00e0 Vinezac"},"content":{"rendered":"\n<p><strong>Marc Sandevoir nous a accueillis pour la pr\u00e9paration de conserves de p\u00e2t\u00e9s. Nous en avons profit\u00e9 pour interviewer le fondateur de la conserverie install\u00e9e \u00e0 Vinezac.<\/strong><\/p>\n\n\n\n<p class=\"has-text-align-center\"><em>Par Anatole Legrain-Lefevre et Morgan Raynaud<\/em><\/p>\n\n\n\n<p><\/p>\n\n\n\n<figure class=\"wp-block-video\"><video height=\"1080\" style=\"aspect-ratio: 1920 \/ 1080;\" width=\"1920\" controls src=\"https:\/\/mediamiam.fr\/wp-content\/uploads\/2024\/11\/Marc_Sandevoir_derniere_version_moins-compresse.mp4\"><\/video><\/figure>\n","protected":false},"excerpt":{"rendered":"<p>Marc Sandevoir nous a accueillis pour la pr\u00e9paration de conserves de p\u00e2t\u00e9s. Nous en avons profit\u00e9 pour interviewer le fondateur de la conserverie install\u00e9e \u00e0 Vinezac. Par Anatole Legrain-Lefevre et Morgan Raynaud<\/p>\n","protected":false},"author":1,"featured_media":234,"comment_status":"open","ping_status":"open","sticky":false,"template":"","format":"standard","meta":{"footnotes":""},"categories":[4],"tags":[],"class_list":["post-145","post","type-post","status-publish","format-standard","has-post-thumbnail","hentry","category-portraits-de-producteurs"],"_links":{"self":[{"href":"https:\/\/mediamiam.fr\/index.php\/wp-json\/wp\/v2\/posts\/145","targetHints":{"allow":["GET"]}}],"collection":[{"href":"https:\/\/mediamiam.fr\/index.php\/wp-json\/wp\/v2\/posts"}],"about":[{"href":"https:\/\/mediamiam.fr\/index.php\/wp-json\/wp\/v2\/types\/post"}],"author":[{"embeddable":true,"href":"https:\/\/mediamiam.fr\/index.php\/wp-json\/wp\/v2\/users\/1"}],"replies":[{"embeddable":true,"href":"https:\/\/mediamiam.fr\/index.php\/wp-json\/wp\/v2\/comments?post=145"}],"version-history":[{"count":5,"href":"https:\/\/mediamiam.fr\/index.php\/wp-json\/wp\/v2\/posts\/145\/revisions"}],"predecessor-version":[{"id":238,"href":"https:\/\/mediamiam.fr\/index.php\/wp-json\/wp\/v2\/posts\/145\/revisions\/238"}],"wp:featuredmedia":[{"embeddable":true,"href":"https:\/\/mediamiam.fr\/index.php\/wp-json\/wp\/v2\/media\/234"}],"wp:attachment":[{"href":"https:\/\/mediamiam.fr\/index.php\/wp-json\/wp\/v2\/media?parent=145"}],"wp:term":[{"taxonomy":"category","embeddable":true,"href":"https:\/\/mediamiam.fr\/index.php\/wp-json\/wp\/v2\/categories?post=145"},{"taxonomy":"post_tag","embeddable":true,"href":"https:\/\/mediamiam.fr\/index.php\/wp-json\/wp\/v2\/tags?post=145"}],"curies":[{"name":"wp","href":"https:\/\/api.w.org\/{rel}","templated":true}]}}