{"id":151,"date":"2024-11-28T12:03:00","date_gmt":"2024-11-28T11:03:00","guid":{"rendered":"https:\/\/mediamiam.fr\/?p=151"},"modified":"2025-04-09T16:35:13","modified_gmt":"2025-04-09T14:35:13","slug":"interview-du-chef-du-likoke","status":"publish","type":"post","link":"https:\/\/mediamiam.fr\/index.php\/2024\/11\/28\/interview-du-chef-du-likoke\/","title":{"rendered":"Guido Nino Torres, chef du Likok\u00e9\u00a0: \u00ab\u00a0J\u2019ai r\u00e9ussi \u00e0 trouver le bon chemin, les bonnes personnes\u00a0\u00bb"},"content":{"rendered":"\n<p class=\"has-text-align-center\"><strong>Interview radio du chef du restaurant gastronomique Likok\u00e9 situ\u00e9 aux Vans, au sud de l\u2019Ard\u00e8che. Ce chef qui a une \u00e9toile au guide Michelin, nous parle de son parcours. Je vous invite \u00e0 \u00e9couter cette interview pour en savoir plus sur ce chef qui a une cuisine que je trouve \u00ab\u00a0exotique\u00a0\u00bb et qui arrive \u00e0 mettre en avant de beaux produits locaux de notre r\u00e9gion.<\/strong><\/p>\n\n\n\n<p class=\"has-text-align-center\">Par Gino Lassalaz<\/p>\n\n\n\n<p class=\"has-text-align-center\">Cr\u00e9dit photographique : Pieter d&rsquo;Hoop<\/p>\n\n\n\n<figure class=\"wp-block-audio\"><audio controls src=\"https:\/\/mediamiam.fr\/wp-content\/uploads\/2024\/11\/ITW-Gino-chef-du-Likoke.mp3\"><\/audio><\/figure>\n","protected":false},"excerpt":{"rendered":"<p>Interview radio du chef du restaurant gastronomique Likok\u00e9 situ\u00e9 aux Vans, au sud de l\u2019Ard\u00e8che. Ce chef qui a une \u00e9toile au guide Michelin, nous parle de son parcours. Je vous invite \u00e0 \u00e9couter cette interview pour en savoir plus sur ce chef qui a une cuisine que je trouve \u00ab\u00a0exotique\u00a0\u00bb et qui arrive \u00e0 mettre en avant de beaux produits locaux de notre r\u00e9gion. Par Gino Lassalaz Cr\u00e9dit photographique : Pieter d&rsquo;Hoop<\/p>\n","protected":false},"author":1,"featured_media":167,"comment_status":"open","ping_status":"open","sticky":false,"template":"","format":"standard","meta":{"footnotes":""},"categories":[3],"tags":[],"class_list":["post-151","post","type-post","status-publish","format-standard","has-post-thumbnail","hentry","category-portraits-de-chefs"],"_links":{"self":[{"href":"https:\/\/mediamiam.fr\/index.php\/wp-json\/wp\/v2\/posts\/151","targetHints":{"allow":["GET"]}}],"collection":[{"href":"https:\/\/mediamiam.fr\/index.php\/wp-json\/wp\/v2\/posts"}],"about":[{"href":"https:\/\/mediamiam.fr\/index.php\/wp-json\/wp\/v2\/types\/post"}],"author":[{"embeddable":true,"href":"https:\/\/mediamiam.fr\/index.php\/wp-json\/wp\/v2\/users\/1"}],"replies":[{"embeddable":true,"href":"https:\/\/mediamiam.fr\/index.php\/wp-json\/wp\/v2\/comments?post=151"}],"version-history":[{"count":4,"href":"https:\/\/mediamiam.fr\/index.php\/wp-json\/wp\/v2\/posts\/151\/revisions"}],"predecessor-version":[{"id":274,"href":"https:\/\/mediamiam.fr\/index.php\/wp-json\/wp\/v2\/posts\/151\/revisions\/274"}],"wp:featuredmedia":[{"embeddable":true,"href":"https:\/\/mediamiam.fr\/index.php\/wp-json\/wp\/v2\/media\/167"}],"wp:attachment":[{"href":"https:\/\/mediamiam.fr\/index.php\/wp-json\/wp\/v2\/media?parent=151"}],"wp:term":[{"taxonomy":"category","embeddable":true,"href":"https:\/\/mediamiam.fr\/index.php\/wp-json\/wp\/v2\/categories?post=151"},{"taxonomy":"post_tag","embeddable":true,"href":"https:\/\/mediamiam.fr\/index.php\/wp-json\/wp\/v2\/tags?post=151"}],"curies":[{"name":"wp","href":"https:\/\/api.w.org\/{rel}","templated":true}]}}