{"id":332,"date":"2025-11-19T17:36:29","date_gmt":"2025-11-19T16:36:29","guid":{"rendered":"https:\/\/mediamiam.fr\/?p=332"},"modified":"2026-02-04T11:12:01","modified_gmt":"2026-02-04T10:12:01","slug":"portrait-express-du-chef-florian-descours","status":"publish","type":"post","link":"https:\/\/mediamiam.fr\/index.php\/2025\/11\/19\/portrait-express-du-chef-florian-descours\/","title":{"rendered":"Portrait express du chef \u00e9toil\u00e9 Florian Descours"},"content":{"rendered":"\n<p>Le chef du restaurant \u00e9toil\u00e9 La Boria \u00e0 Veyras pr\u00e8s de Privas participe cette ann\u00e9e \u00e0 l&rsquo;\u00e9v\u00e8nement \u00ab\u00a0Un chef \u00e0 l&rsquo;\u00e9cole\u00a0\u00bb au lyc\u00e9e h\u00f4telier. Il succ\u00e8de \u00e0 Richard Rocle, autre chef \u00e9toil\u00e9 d&rsquo;Ard\u00e8che. Nous avons profit\u00e9 de sa derni\u00e8re s\u00e9ance de travail au lyc\u00e9e pour l&rsquo;interroger sur son parcours, ses mentors, ses valeurs&#8230; Ses r\u00e9ponses en vid\u00e9o.<\/p>\n\n\n\n<p class=\"has-text-align-center\"><em>Par Milo Dupre, Jonas Lassalaz et Emma Verhelst<\/em>, terminale Baccalaur\u00e9at professionnel<\/p>\n\n\n\n<figure class=\"wp-block-video\"><video height=\"720\" style=\"aspect-ratio: 1280 \/ 720;\" width=\"1280\" controls src=\"https:\/\/mediamiam.fr\/wp-content\/uploads\/2025\/11\/Portrait-express.mp4\"><\/video><\/figure>\n","protected":false},"excerpt":{"rendered":"<p>Le chef du restaurant \u00e9toil\u00e9 La Boria \u00e0 Veyras pr\u00e8s de Privas participe cette ann\u00e9e \u00e0 l&rsquo;\u00e9v\u00e8nement \u00ab\u00a0Un chef \u00e0 l&rsquo;\u00e9cole\u00a0\u00bb au lyc\u00e9e h\u00f4telier. Il succ\u00e8de \u00e0 Richard Rocle, autre chef \u00e9toil\u00e9 d&rsquo;Ard\u00e8che. Nous avons profit\u00e9 de sa derni\u00e8re s\u00e9ance de travail au lyc\u00e9e pour l&rsquo;interroger sur son parcours, ses mentors, ses valeurs&#8230; Ses r\u00e9ponses en vid\u00e9o. Par Milo Dupre, Jonas Lassalaz et Emma Verhelst, terminale Baccalaur\u00e9at professionnel<\/p>\n","protected":false},"author":1,"featured_media":346,"comment_status":"open","ping_status":"open","sticky":false,"template":"","format":"standard","meta":{"footnotes":""},"categories":[3],"tags":[],"class_list":["post-332","post","type-post","status-publish","format-standard","has-post-thumbnail","hentry","category-portraits-de-chefs"],"_links":{"self":[{"href":"https:\/\/mediamiam.fr\/index.php\/wp-json\/wp\/v2\/posts\/332","targetHints":{"allow":["GET"]}}],"collection":[{"href":"https:\/\/mediamiam.fr\/index.php\/wp-json\/wp\/v2\/posts"}],"about":[{"href":"https:\/\/mediamiam.fr\/index.php\/wp-json\/wp\/v2\/types\/post"}],"author":[{"embeddable":true,"href":"https:\/\/mediamiam.fr\/index.php\/wp-json\/wp\/v2\/users\/1"}],"replies":[{"embeddable":true,"href":"https:\/\/mediamiam.fr\/index.php\/wp-json\/wp\/v2\/comments?post=332"}],"version-history":[{"count":6,"href":"https:\/\/mediamiam.fr\/index.php\/wp-json\/wp\/v2\/posts\/332\/revisions"}],"predecessor-version":[{"id":418,"href":"https:\/\/mediamiam.fr\/index.php\/wp-json\/wp\/v2\/posts\/332\/revisions\/418"}],"wp:featuredmedia":[{"embeddable":true,"href":"https:\/\/mediamiam.fr\/index.php\/wp-json\/wp\/v2\/media\/346"}],"wp:attachment":[{"href":"https:\/\/mediamiam.fr\/index.php\/wp-json\/wp\/v2\/media?parent=332"}],"wp:term":[{"taxonomy":"category","embeddable":true,"href":"https:\/\/mediamiam.fr\/index.php\/wp-json\/wp\/v2\/categories?post=332"},{"taxonomy":"post_tag","embeddable":true,"href":"https:\/\/mediamiam.fr\/index.php\/wp-json\/wp\/v2\/tags?post=332"}],"curies":[{"name":"wp","href":"https:\/\/api.w.org\/{rel}","templated":true}]}}