{"id":45,"date":"2024-11-13T11:02:08","date_gmt":"2024-11-13T10:02:08","guid":{"rendered":"https:\/\/mediamiam.fr\/?p=45"},"modified":"2024-12-05T11:48:34","modified_gmt":"2024-12-05T10:48:34","slug":"au-coeur-des-vendanges-du-mas-de-bagnols-a-vinezac","status":"publish","type":"post","link":"https:\/\/mediamiam.fr\/index.php\/2024\/11\/13\/au-coeur-des-vendanges-du-mas-de-bagnols-a-vinezac\/","title":{"rendered":"Au c\u0153ur des vendanges du Mas de Bagnols \u00e0 Vinezac"},"content":{"rendered":"\n<p><strong>Pr\u00e9sentation d\u2019une superbe journ\u00e9e de d\u00e9couverte du m\u00e9tier de vigneron pour les \u00e9l\u00e8ves du lyc\u00e9e h\u00f4telier de Largenti\u00e8re, le mercredi 18 septembre.<\/strong><\/p>\n\n\n\n<p class=\"has-text-align-center\"><em>Par Tao Brousset-Reille<\/em><\/p>\n\n\n\n<p>En ce mercredi 18 septembre, la classe de terminale Bac Pro a \u00e9t\u00e9 convi\u00e9e \u00e0 venir aider Louis de Moerloose pendant une journ\u00e9e de vendanges. Une journ\u00e9e \u00e0 ses c\u00f4t\u00e9s pour d\u00e9couvrir le m\u00e9tier de vigneron. Elle avait aussi pour but de ramasser le raisin pour la production des bouteilles qui vont \u00eatre vendues par les \u00e9l\u00e8ves qui s\u2019occupent de la gestion de la mini-entreprise \u00ab&nbsp;Miam&nbsp;\u00bb.<\/p>\n\n\n\n<p><strong>Visite du Mas et d\u00e9couverte des lieux de production<\/strong><\/p>\n\n\n\n<p>Une fois sur place, les \u00e9l\u00e8ves ont directement \u00e9t\u00e9 dirig\u00e9s dans l\u2019univers du vin. Le vigneron leur a fait visiter le Mas et d\u00e9couvrir les lieux de production du vin \u00ab\u00a0Vinezac\u00a0\u00bb. Il leur a montr\u00e9 les cuves de stockage puis leur a fait d\u00e9couvrir sa cave remplie de tonneaux dans laquelle des odeurs de bois et de vins se m\u00e9langent. Avant de partir sur le terrain, Louis leur a propos\u00e9 de go\u00fbter le jus de raisin avant fermentation donc sans alcool. Pour continuer, direction les vignes o\u00f9 \u00e9taient d\u00e9j\u00e0 pr\u00e9sents les employ\u00e9s depuis 7H30 du matin. Les \u00e9l\u00e8ves ont pris possession des vendangettes et Louis leur a expliqu\u00e9 comment tailler le raisin et ils se sont d\u00e9brouill\u00e9s jusqu\u2019\u00e0 12h30.<\/p>\n\n\n\n<blockquote class=\"wp-block-quote is-layout-flow wp-block-quote-is-layout-flow\">\n<blockquote class=\"wp-block-quote is-layout-flow wp-block-quote-is-layout-flow\"><\/blockquote>\n<\/blockquote>\n\n\n\n<p><strong>Transmission de savoir<\/strong><\/p>\n\n\n\n<p>Pour les \u00e9l\u00e8ves, cela a \u00e9t\u00e9 une nouvelle exp\u00e9rience et ils ont pu se faire une id\u00e9e de la fa\u00e7on dont se fait le vin et de ce qu&rsquo;est le m\u00e9tier de vigneron. Pour Louis, cela a&nbsp; \u00e9t\u00e9 b\u00e9n\u00e9fique aussi car il a pu transmettre son savoir.<\/p>\n\n\n\n<figure class=\"wp-block-gallery has-nested-images columns-default is-cropped wp-block-gallery-1 is-layout-flex wp-block-gallery-is-layout-flex\">\n<figure class=\"wp-block-image size-large\"><img loading=\"lazy\" decoding=\"async\" width=\"429\" height=\"572\" data-id=\"101\" src=\"https:\/\/mediamiam.fr\/wp-content\/uploads\/2024\/11\/IMG_5739-1.jpg\" alt=\"\" class=\"wp-image-101\" srcset=\"https:\/\/mediamiam.fr\/wp-content\/uploads\/2024\/11\/IMG_5739-1.jpg 429w, https:\/\/mediamiam.fr\/wp-content\/uploads\/2024\/11\/IMG_5739-1-225x300.jpg 225w\" sizes=\"auto, (max-width: 429px) 100vw, 429px\" \/><figcaption class=\"wp-element-caption\">L&rsquo;objectif : d\u00e9couvrir le m\u00e9tier et pr\u00e9parer la cuv\u00e9e Miam.<\/figcaption><\/figure>\n\n\n\n<figure class=\"wp-block-image size-large\"><img loading=\"lazy\" decoding=\"async\" width=\"768\" height=\"1024\" data-id=\"164\" src=\"https:\/\/mediamiam.fr\/wp-content\/uploads\/2024\/11\/Futs_Mas_de_Bagnols-768x1024.jpg\" alt=\"\" class=\"wp-image-164\" srcset=\"https:\/\/mediamiam.fr\/wp-content\/uploads\/2024\/11\/Futs_Mas_de_Bagnols-768x1024.jpg 768w, https:\/\/mediamiam.fr\/wp-content\/uploads\/2024\/11\/Futs_Mas_de_Bagnols-225x300.jpg 225w, https:\/\/mediamiam.fr\/wp-content\/uploads\/2024\/11\/Futs_Mas_de_Bagnols.jpg 1071w\" sizes=\"auto, (max-width: 768px) 100vw, 768px\" \/><figcaption class=\"wp-element-caption\">Ici, les odeurs de bois et de vin se m\u00e9langent.<\/figcaption><\/figure>\n\n\n\n<figure class=\"wp-block-image size-large\"><img loading=\"lazy\" decoding=\"async\" width=\"768\" height=\"1024\" data-id=\"124\" src=\"https:\/\/mediamiam.fr\/wp-content\/uploads\/2024\/11\/IMG_1593-768x1024.jpg\" alt=\"\" class=\"wp-image-124\" srcset=\"https:\/\/mediamiam.fr\/wp-content\/uploads\/2024\/11\/IMG_1593-768x1024.jpg 768w, https:\/\/mediamiam.fr\/wp-content\/uploads\/2024\/11\/IMG_1593-225x300.jpg 225w, https:\/\/mediamiam.fr\/wp-content\/uploads\/2024\/11\/IMG_1593-1152x1536.jpg 1152w, https:\/\/mediamiam.fr\/wp-content\/uploads\/2024\/11\/IMG_1593-1536x2048.jpg 1536w, https:\/\/mediamiam.fr\/wp-content\/uploads\/2024\/11\/IMG_1593-1140x1520.jpg 1140w, https:\/\/mediamiam.fr\/wp-content\/uploads\/2024\/11\/IMG_1593-scaled.jpg 1920w\" sizes=\"auto, (max-width: 768px) 100vw, 768px\" \/><figcaption class=\"wp-element-caption\"><strong>Louis de Moerloose<\/strong> avec les \u00e9l\u00e8ves.<\/figcaption><\/figure>\n<\/figure>\n\n\n\n<blockquote class=\"wp-block-quote is-layout-flow wp-block-quote-is-layout-flow\">\n<p><\/p>\n<\/blockquote>\n\n\n\n<figure class=\"wp-block-gallery has-nested-images columns-default is-cropped wp-block-gallery-2 is-layout-flex wp-block-gallery-is-layout-flex\">\n<figure class=\"wp-block-image size-large\"><img loading=\"lazy\" decoding=\"async\" width=\"768\" height=\"1024\" data-id=\"131\" src=\"https:\/\/mediamiam.fr\/wp-content\/uploads\/2024\/11\/IMG_5738-1-768x1024.jpg\" alt=\"\" class=\"wp-image-131\" srcset=\"https:\/\/mediamiam.fr\/wp-content\/uploads\/2024\/11\/IMG_5738-1-768x1024.jpg 768w, https:\/\/mediamiam.fr\/wp-content\/uploads\/2024\/11\/IMG_5738-1-225x300.jpg 225w, https:\/\/mediamiam.fr\/wp-content\/uploads\/2024\/11\/IMG_5738-1-1152x1536.jpg 1152w, https:\/\/mediamiam.fr\/wp-content\/uploads\/2024\/11\/IMG_5738-1-1536x2048.jpg 1536w, https:\/\/mediamiam.fr\/wp-content\/uploads\/2024\/11\/IMG_5738-1-1140x1520.jpg 1140w, https:\/\/mediamiam.fr\/wp-content\/uploads\/2024\/11\/IMG_5738-1-scaled.jpg 1920w\" sizes=\"auto, (max-width: 768px) 100vw, 768px\" \/><\/figure>\n\n\n\n<figure class=\"wp-block-image size-large\"><img loading=\"lazy\" decoding=\"async\" width=\"768\" height=\"1024\" data-id=\"130\" src=\"https:\/\/mediamiam.fr\/wp-content\/uploads\/2024\/11\/IMG_1581-768x1024.jpg\" alt=\"\" class=\"wp-image-130\" srcset=\"https:\/\/mediamiam.fr\/wp-content\/uploads\/2024\/11\/IMG_1581-768x1024.jpg 768w, https:\/\/mediamiam.fr\/wp-content\/uploads\/2024\/11\/IMG_1581-225x300.jpg 225w, https:\/\/mediamiam.fr\/wp-content\/uploads\/2024\/11\/IMG_1581-1152x1536.jpg 1152w, https:\/\/mediamiam.fr\/wp-content\/uploads\/2024\/11\/IMG_1581-1536x2048.jpg 1536w, https:\/\/mediamiam.fr\/wp-content\/uploads\/2024\/11\/IMG_1581-1140x1520.jpg 1140w, https:\/\/mediamiam.fr\/wp-content\/uploads\/2024\/11\/IMG_1581-scaled.jpg 1920w\" sizes=\"auto, (max-width: 768px) 100vw, 768px\" \/><\/figure>\n\n\n\n<figure class=\"wp-block-image size-large\"><img loading=\"lazy\" decoding=\"async\" width=\"768\" height=\"1024\" data-id=\"125\" src=\"https:\/\/mediamiam.fr\/wp-content\/uploads\/2024\/11\/IMG_1597-1-768x1024.jpg\" alt=\"\" class=\"wp-image-125\" srcset=\"https:\/\/mediamiam.fr\/wp-content\/uploads\/2024\/11\/IMG_1597-1-768x1024.jpg 768w, https:\/\/mediamiam.fr\/wp-content\/uploads\/2024\/11\/IMG_1597-1-225x300.jpg 225w, https:\/\/mediamiam.fr\/wp-content\/uploads\/2024\/11\/IMG_1597-1-1152x1536.jpg 1152w, https:\/\/mediamiam.fr\/wp-content\/uploads\/2024\/11\/IMG_1597-1-1536x2048.jpg 1536w, https:\/\/mediamiam.fr\/wp-content\/uploads\/2024\/11\/IMG_1597-1-1140x1520.jpg 1140w, https:\/\/mediamiam.fr\/wp-content\/uploads\/2024\/11\/IMG_1597-1-scaled.jpg 1920w\" sizes=\"auto, (max-width: 768px) 100vw, 768px\" \/><\/figure>\n<\/figure>\n\n\n\n<ul class=\"wp-block-list\">\n<li><\/li>\n<\/ul>\n\n\n\n<p class=\"has-text-align-center has-black-color has-pale-cyan-blue-background-color has-text-color has-background has-link-color has-medium-font-size wp-elements-8fe93ae94c9ead9896e1812f7d3c9027\" style=\"font-style:normal;font-weight:300\"><strong>Louis de Moerloose est depuis 2017 le dirigeant du Mas de Bagnols situ\u00e9 \u00e0 Vinezac. Apr\u00e8s des \u00e9tudes d\u2019agronomie et une premi\u00e8re exp\u00e9rience dans le monde viticole, c\u2019est en effet en 2017 qu\u2019il reprend l\u2019affaire aupr\u00e8s de Pierre et Maria Mollier.<\/strong><\/p>\n\n\n\n<p><\/p>\n","protected":false},"excerpt":{"rendered":"<p>Pr\u00e9sentation d\u2019une superbe journ\u00e9e de d\u00e9couverte du m\u00e9tier de vigneron pour les \u00e9l\u00e8ves du lyc\u00e9e h\u00f4telier de Largenti\u00e8re, le mercredi 18 septembre. Par Tao Brousset-Reille En ce mercredi 18 septembre, la classe de terminale Bac Pro a \u00e9t\u00e9 convi\u00e9e \u00e0 venir aider Louis de Moerloose pendant une journ\u00e9e de vendanges. Une journ\u00e9e \u00e0 ses c\u00f4t\u00e9s pour d\u00e9couvrir le m\u00e9tier de vigneron. Elle avait aussi pour but de ramasser le raisin pour la production des bouteilles qui vont \u00eatre vendues par les \u00e9l\u00e8ves qui s\u2019occupent de la gestion de la mini-entreprise \u00ab&nbsp;Miam&nbsp;\u00bb. Visite du Mas et d\u00e9couverte des lieux de production Une fois sur place, les \u00e9l\u00e8ves ont directement \u00e9t\u00e9 dirig\u00e9s dans l\u2019univers du vin. Le vigneron leur a fait visiter le Mas et d\u00e9couvrir les lieux de production du vin \u00ab\u00a0Vinezac\u00a0\u00bb. Il leur a montr\u00e9 les cuves de stockage puis leur a fait d\u00e9couvrir sa cave remplie de tonneaux dans laquelle des odeurs de bois et de vins se m\u00e9langent. Avant de partir sur le terrain, Louis leur a propos\u00e9 de go\u00fbter le jus de raisin avant fermentation donc sans alcool. Pour continuer, direction les vignes o\u00f9 \u00e9taient d\u00e9j\u00e0 pr\u00e9sents les employ\u00e9s depuis 7H30 du matin. Les \u00e9l\u00e8ves ont pris possession des vendangettes et Louis leur a expliqu\u00e9 comment tailler le raisin et ils se sont d\u00e9brouill\u00e9s jusqu\u2019\u00e0 12h30. Transmission de savoir Pour les \u00e9l\u00e8ves, cela a \u00e9t\u00e9 une nouvelle exp\u00e9rience et ils ont pu se faire une id\u00e9e de la fa\u00e7on dont se fait le vin et de ce qu&rsquo;est le m\u00e9tier de vigneron. Pour Louis, cela a&nbsp; \u00e9t\u00e9 b\u00e9n\u00e9fique aussi car il a pu transmettre son savoir. Louis de Moerloose est depuis 2017 le dirigeant du Mas de Bagnols situ\u00e9 \u00e0 Vinezac. Apr\u00e8s des \u00e9tudes d\u2019agronomie et une premi\u00e8re exp\u00e9rience dans le monde viticole, c\u2019est en effet en 2017 qu\u2019il reprend l\u2019affaire aupr\u00e8s de Pierre et Maria Mollier.<\/p>\n","protected":false},"author":1,"featured_media":126,"comment_status":"open","ping_status":"open","sticky":false,"template":"","format":"standard","meta":{"footnotes":""},"categories":[2],"tags":[],"class_list":["post-45","post","type-post","status-publish","format-standard","has-post-thumbnail","hentry","category-actualites"],"_links":{"self":[{"href":"https:\/\/mediamiam.fr\/index.php\/wp-json\/wp\/v2\/posts\/45","targetHints":{"allow":["GET"]}}],"collection":[{"href":"https:\/\/mediamiam.fr\/index.php\/wp-json\/wp\/v2\/posts"}],"about":[{"href":"https:\/\/mediamiam.fr\/index.php\/wp-json\/wp\/v2\/types\/post"}],"author":[{"embeddable":true,"href":"https:\/\/mediamiam.fr\/index.php\/wp-json\/wp\/v2\/users\/1"}],"replies":[{"embeddable":true,"href":"https:\/\/mediamiam.fr\/index.php\/wp-json\/wp\/v2\/comments?post=45"}],"version-history":[{"count":20,"href":"https:\/\/mediamiam.fr\/index.php\/wp-json\/wp\/v2\/posts\/45\/revisions"}],"predecessor-version":[{"id":179,"href":"https:\/\/mediamiam.fr\/index.php\/wp-json\/wp\/v2\/posts\/45\/revisions\/179"}],"wp:featuredmedia":[{"embeddable":true,"href":"https:\/\/mediamiam.fr\/index.php\/wp-json\/wp\/v2\/media\/126"}],"wp:attachment":[{"href":"https:\/\/mediamiam.fr\/index.php\/wp-json\/wp\/v2\/media?parent=45"}],"wp:term":[{"taxonomy":"category","embeddable":true,"href":"https:\/\/mediamiam.fr\/index.php\/wp-json\/wp\/v2\/categories?post=45"},{"taxonomy":"post_tag","embeddable":true,"href":"https:\/\/mediamiam.fr\/index.php\/wp-json\/wp\/v2\/tags?post=45"}],"curies":[{"name":"wp","href":"https:\/\/api.w.org\/{rel}","templated":true}]}}